{"id":921,"date":"2026-04-27T11:56:26","date_gmt":"2026-04-27T10:56:26","guid":{"rendered":"https:\/\/sevilla-2000.com\/blog\/?p=921"},"modified":"2026-04-27T11:56:30","modified_gmt":"2026-04-27T10:56:30","slug":"ya-tenemos-fecha-el-proximo-11-de-mayo-empieza-nuestro-ciclo-de-formacion-inicial-para-nuevos-agentes","status":"publish","type":"post","link":"https:\/\/sevilla-2000.com\/blog\/ya-tenemos-fecha-el-proximo-11-de-mayo-empieza-nuestro-ciclo-de-formacion-inicial-para-nuevos-agentes\/","title":{"rendered":"Ya tenemos fecha !!! El pr\u00f3ximo 11 de mayo empieza nuestro Ciclo de Formaci\u00f3n Inicial  para nuevos Agentes."},"content":{"rendered":"\n<p>Ya tenemos fecha !!! El pr\u00f3ximo 11 de mayo empieza nuestro Ciclo de Formaci\u00f3n Inicial para nuevos Agentes.<br><br>Si eres Agente Inmobiliario en Sevilla y quieres pasar a otro nivel, ll\u00e1manos para incorporarte a alguno de nuestros Equipos como Agente Aut\u00f3nomo Asociado y empieza con esta formaci\u00f3n presencial de primer orden el lunes 11 hasta el jueves 14 de 1000h a 1400h.<br><br>Te GARANTIZAMOS duplicar tu facturaci\u00f3n mensual actual y probablemente hasta triplicarla con nuestra Marca, nuestro Know How, nuestra Formaci\u00f3n y Tecnolog\u00eda, nuestras potentes Herramientas y nuestros consolidados Dptos. Jur\u00eddico, Fiscal, Financiero, Marketing y Publicidad que podr\u00e1s exprimir de forma inminente, continua y diaria.<br><br>Inmobiliaria SEVILLA 2000, nadie te da m\u00e1s, desde el a\u00f1o 2000 encontrando Hogares en Sevilla !!<br><br>Mira este video en <a href=\"https:\/\/lnkd.in\/ez6NccjH\">https:\/\/lnkd.in\/ez6NccjH<\/a> y tendr\u00e1s una idea de parte del potencial que te ofrecemos y que pondremos en tus manos, llama o escribe para m\u00e1s informaci\u00f3n al 647626792.<\/p>\n","protected":false},"excerpt":{"rendered":"<p>Ya tenemos fecha !!! El pr\u00f3ximo 11 de mayo empieza nuestro Ciclo de Formaci\u00f3n Inicial para nuevos Agentes. Si eres Agente Inmobiliario en Sevilla y quieres pasar a otro nivel, ll\u00e1manos para incorporarte a alguno de nuestros Equipos como Agente Aut\u00f3nomo Asociado y empieza con esta formaci\u00f3n presencial de primer orden el lunes 11 hasta [&hellip;]<\/p>\n","protected":false},"author":6,"featured_media":922,"comment_status":"closed","ping_status":"open","sticky":false,"template":"","format":"standard","meta":{"_et_pb_use_builder":"","_et_pb_old_content":""},"categories":[79,103,6,37,127,3],"tags":[],"yoast_head":"<!-- This site is optimized with the Yoast SEO plugin v19.10 - https:\/\/yoast.com\/wordpress\/plugins\/seo\/ -->\n<title>Ya tenemos fecha !!! El pr\u00f3ximo 11 de mayo empieza nuestro Ciclo de Formaci\u00f3n Inicial para nuevos Agentes. - Vender Piso en Sevilla 2000<\/title>\n<meta name=\"description\" content=\"Si eres Agente Inmobiliario en Sevilla y quieres pasar a otro nivel, ll\u00e1manos para incorporarte a alguno de nuestros Equipos como Agente Aut\u00f3nomo Asociado y empieza con esta formaci\u00f3n presencial de primer orden el lunes 11 hasta el jueves 14 de 1000h a 1400h.\" \/>\n<meta name=\"robots\" content=\"index, follow, max-snippet:-1, max-image-preview:large, max-video-preview:-1\" \/>\n<link rel=\"canonical\" href=\"https:\/\/sevilla-2000.com\/blog\/ya-tenemos-fecha-el-proximo-11-de-mayo-empieza-nuestro-ciclo-de-formacion-inicial-para-nuevos-agentes\/\" \/>\n<meta property=\"og:locale\" content=\"es_ES\" \/>\n<meta property=\"og:type\" content=\"article\" \/>\n<meta property=\"og:title\" content=\"Ya tenemos fecha !!! El pr\u00f3ximo 11 de mayo empieza nuestro Ciclo de Formaci\u00f3n Inicial para nuevos Agentes. - Vender Piso en Sevilla 2000\" \/>\n<meta property=\"og:description\" content=\"Si eres Agente Inmobiliario en Sevilla y quieres pasar a otro nivel, ll\u00e1manos para incorporarte a alguno de nuestros Equipos como Agente Aut\u00f3nomo Asociado y empieza con esta formaci\u00f3n presencial de primer orden el lunes 11 hasta el jueves 14 de 1000h a 1400h.\" \/>\n<meta property=\"og:url\" content=\"https:\/\/sevilla-2000.com\/blog\/ya-tenemos-fecha-el-proximo-11-de-mayo-empieza-nuestro-ciclo-de-formacion-inicial-para-nuevos-agentes\/\" \/>\n<meta property=\"og:site_name\" content=\"Vender Piso en Sevilla 2000\" \/>\n<meta property=\"article:publisher\" content=\"https:\/\/www.facebook.com\/InmobiliariaSevilla2000\/\" \/>\n<meta property=\"article:published_time\" content=\"2026-04-27T10:56:26+00:00\" \/>\n<meta property=\"article:modified_time\" content=\"2026-04-27T10:56:30+00:00\" \/>\n<meta property=\"og:image\" content=\"https:\/\/sevilla-2000.com\/blog\/wp-content\/uploads\/2026\/04\/Video-Ciclo-de-Formacion-Inicial-para-nuevos-Agentes.jpg\" \/>\n\t<meta property=\"og:image:width\" content=\"2227\" \/>\n\t<meta property=\"og:image:height\" content=\"1237\" \/>\n\t<meta property=\"og:image:type\" content=\"image\/jpeg\" \/>\n<meta name=\"author\" content=\"Marketing\" \/>\n<meta name=\"twitter:card\" content=\"summary_large_image\" \/>\n<meta name=\"twitter:label1\" content=\"Escrito por\" \/>\n\t<meta name=\"twitter:data1\" content=\"Marketing\" \/>\n\t<meta name=\"twitter:label2\" content=\"Tiempo de lectura\" \/>\n\t<meta name=\"twitter:data2\" content=\"1 minuto\" \/>\n<script type=\"application\/ld+json\" class=\"yoast-schema-graph\">{\"@context\":\"https:\/\/schema.org\",\"@graph\":[{\"@type\":[\"Article\",\"BlogPosting\"],\"@id\":\"https:\/\/sevilla-2000.com\/blog\/ya-tenemos-fecha-el-proximo-11-de-mayo-empieza-nuestro-ciclo-de-formacion-inicial-para-nuevos-agentes\/#article\",\"isPartOf\":{\"@id\":\"https:\/\/sevilla-2000.com\/blog\/ya-tenemos-fecha-el-proximo-11-de-mayo-empieza-nuestro-ciclo-de-formacion-inicial-para-nuevos-agentes\/\"},\"author\":{\"name\":\"Marketing\",\"@id\":\"https:\/\/sevilla-2000.com\/blog\/#\/schema\/person\/ef373602a2f7dd565227b0320caf3a7e\"},\"headline\":\"Ya tenemos fecha !!! El pr\u00f3ximo 11 de mayo empieza nuestro Ciclo de Formaci\u00f3n Inicial para nuevos Agentes.\",\"datePublished\":\"2026-04-27T10:56:26+00:00\",\"dateModified\":\"2026-04-27T10:56:30+00:00\",\"mainEntityOfPage\":{\"@id\":\"https:\/\/sevilla-2000.com\/blog\/ya-tenemos-fecha-el-proximo-11-de-mayo-empieza-nuestro-ciclo-de-formacion-inicial-para-nuevos-agentes\/\"},\"wordCount\":180,\"publisher\":{\"@id\":\"https:\/\/sevilla-2000.com\/blog\/#organization\"},\"articleSection\":[\"Empleo\",\"Especialistas en venta de pisos y casas de herencia en Sevilla\",\"Inmobiliarias en Sevilla\",\"Sector Inmobiliario\",\"Trabaja como agente inmobiliario\",\"vender casa sevilla\"],\"inLanguage\":\"es\"},{\"@type\":\"WebPage\",\"@id\":\"https:\/\/sevilla-2000.com\/blog\/ya-tenemos-fecha-el-proximo-11-de-mayo-empieza-nuestro-ciclo-de-formacion-inicial-para-nuevos-agentes\/\",\"url\":\"https:\/\/sevilla-2000.com\/blog\/ya-tenemos-fecha-el-proximo-11-de-mayo-empieza-nuestro-ciclo-de-formacion-inicial-para-nuevos-agentes\/\",\"name\":\"Ya tenemos fecha !!! El pr\u00f3ximo 11 de mayo empieza nuestro Ciclo de Formaci\u00f3n Inicial para nuevos Agentes. - Vender Piso en Sevilla 2000\",\"isPartOf\":{\"@id\":\"https:\/\/sevilla-2000.com\/blog\/#website\"},\"datePublished\":\"2026-04-27T10:56:26+00:00\",\"dateModified\":\"2026-04-27T10:56:30+00:00\",\"description\":\"Si eres Agente Inmobiliario en Sevilla y quieres pasar a otro nivel, ll\u00e1manos para incorporarte a alguno de nuestros Equipos como Agente Aut\u00f3nomo Asociado y empieza con esta formaci\u00f3n presencial de primer orden el lunes 11 hasta el jueves 14 de 1000h a 1400h.\",\"breadcrumb\":{\"@id\":\"https:\/\/sevilla-2000.com\/blog\/ya-tenemos-fecha-el-proximo-11-de-mayo-empieza-nuestro-ciclo-de-formacion-inicial-para-nuevos-agentes\/#breadcrumb\"},\"inLanguage\":\"es\",\"potentialAction\":[{\"@type\":\"ReadAction\",\"target\":[\"https:\/\/sevilla-2000.com\/blog\/ya-tenemos-fecha-el-proximo-11-de-mayo-empieza-nuestro-ciclo-de-formacion-inicial-para-nuevos-agentes\/\"]}]},{\"@type\":\"BreadcrumbList\",\"@id\":\"https:\/\/sevilla-2000.com\/blog\/ya-tenemos-fecha-el-proximo-11-de-mayo-empieza-nuestro-ciclo-de-formacion-inicial-para-nuevos-agentes\/#breadcrumb\",\"itemListElement\":[{\"@type\":\"ListItem\",\"position\":1,\"name\":\"Portada\",\"item\":\"https:\/\/sevilla-2000.com\/blog\/\"},{\"@type\":\"ListItem\",\"position\":2,\"name\":\"Ya tenemos fecha !!! El pr\u00f3ximo 11 de mayo empieza nuestro Ciclo de Formaci\u00f3n Inicial para nuevos Agentes.\"}]},{\"@type\":\"WebSite\",\"@id\":\"https:\/\/sevilla-2000.com\/blog\/#website\",\"url\":\"https:\/\/sevilla-2000.com\/blog\/\",\"name\":\"Vender Piso en Sevilla 2000\",\"description\":\"Blog Inmobiliaria Sevilla 2000 - Consejos para Comprar y Vender Piso en Sevilla e Informaci\u00f3n \u00fatil del Sector Inmobiliario y de Sevilla 2000\",\"publisher\":{\"@id\":\"https:\/\/sevilla-2000.com\/blog\/#organization\"},\"potentialAction\":[{\"@type\":\"SearchAction\",\"target\":{\"@type\":\"EntryPoint\",\"urlTemplate\":\"https:\/\/sevilla-2000.com\/blog\/?s={search_term_string}\"},\"query-input\":\"required name=search_term_string\"}],\"inLanguage\":\"es\"},{\"@type\":\"Organization\",\"@id\":\"https:\/\/sevilla-2000.com\/blog\/#organization\",\"name\":\"Vender Piso en Sevilla 2000\",\"url\":\"https:\/\/sevilla-2000.com\/blog\/\",\"logo\":{\"@type\":\"ImageObject\",\"inLanguage\":\"es\",\"@id\":\"https:\/\/sevilla-2000.com\/blog\/#\/schema\/logo\/image\/\",\"url\":\"https:\/\/sevilla-2000.com\/blog\/wp-content\/uploads\/2021\/04\/cropped-LOGO-CUADRADO-CASA-fondo-amarillo.jpg\",\"contentUrl\":\"https:\/\/sevilla-2000.com\/blog\/wp-content\/uploads\/2021\/04\/cropped-LOGO-CUADRADO-CASA-fondo-amarillo.jpg\",\"width\":512,\"height\":512,\"caption\":\"Vender Piso en Sevilla 2000\"},\"image\":{\"@id\":\"https:\/\/sevilla-2000.com\/blog\/#\/schema\/logo\/image\/\"},\"sameAs\":[\"https:\/\/www.instagram.com\/inmosevilla2000\/\",\"https:\/\/www.facebook.com\/InmobiliariaSevilla2000\/\"]},{\"@type\":\"Person\",\"@id\":\"https:\/\/sevilla-2000.com\/blog\/#\/schema\/person\/ef373602a2f7dd565227b0320caf3a7e\",\"name\":\"Marketing\",\"image\":{\"@type\":\"ImageObject\",\"inLanguage\":\"es\",\"@id\":\"https:\/\/sevilla-2000.com\/blog\/#\/schema\/person\/image\/\",\"url\":\"https:\/\/secure.gravatar.com\/avatar\/b6de616dcb6bb6103248896ffdf49a8a?s=96&d=mm&r=g\",\"contentUrl\":\"https:\/\/secure.gravatar.com\/avatar\/b6de616dcb6bb6103248896ffdf49a8a?s=96&d=mm&r=g\",\"caption\":\"Marketing\"}}]}<\/script>\n<!-- \/ Yoast SEO plugin. -->","yoast_head_json":{"title":"Ya tenemos fecha !!! El pr\u00f3ximo 11 de mayo empieza nuestro Ciclo de Formaci\u00f3n Inicial para nuevos Agentes. - Vender Piso en Sevilla 2000","description":"Si eres Agente Inmobiliario en Sevilla y quieres pasar a otro nivel, ll\u00e1manos para incorporarte a alguno de nuestros Equipos como Agente Aut\u00f3nomo Asociado y empieza con esta formaci\u00f3n presencial de primer orden el lunes 11 hasta el jueves 14 de 1000h a 1400h.","robots":{"index":"index","follow":"follow","max-snippet":"max-snippet:-1","max-image-preview":"max-image-preview:large","max-video-preview":"max-video-preview:-1"},"canonical":"https:\/\/sevilla-2000.com\/blog\/ya-tenemos-fecha-el-proximo-11-de-mayo-empieza-nuestro-ciclo-de-formacion-inicial-para-nuevos-agentes\/","og_locale":"es_ES","og_type":"article","og_title":"Ya tenemos fecha !!! El pr\u00f3ximo 11 de mayo empieza nuestro Ciclo de Formaci\u00f3n Inicial para nuevos Agentes. - Vender Piso en Sevilla 2000","og_description":"Si eres Agente Inmobiliario en Sevilla y quieres pasar a otro nivel, ll\u00e1manos para incorporarte a alguno de nuestros Equipos como Agente Aut\u00f3nomo Asociado y empieza con esta formaci\u00f3n presencial de primer orden el lunes 11 hasta el jueves 14 de 1000h a 1400h.","og_url":"https:\/\/sevilla-2000.com\/blog\/ya-tenemos-fecha-el-proximo-11-de-mayo-empieza-nuestro-ciclo-de-formacion-inicial-para-nuevos-agentes\/","og_site_name":"Vender Piso en Sevilla 2000","article_publisher":"https:\/\/www.facebook.com\/InmobiliariaSevilla2000\/","article_published_time":"2026-04-27T10:56:26+00:00","article_modified_time":"2026-04-27T10:56:30+00:00","og_image":[{"width":2227,"height":1237,"url":"https:\/\/sevilla-2000.com\/blog\/wp-content\/uploads\/2026\/04\/Video-Ciclo-de-Formacion-Inicial-para-nuevos-Agentes.jpg","type":"image\/jpeg"}],"author":"Marketing","twitter_card":"summary_large_image","twitter_misc":{"Escrito por":"Marketing","Tiempo de lectura":"1 minuto"},"schema":{"@context":"https:\/\/schema.org","@graph":[{"@type":["Article","BlogPosting"],"@id":"https:\/\/sevilla-2000.com\/blog\/ya-tenemos-fecha-el-proximo-11-de-mayo-empieza-nuestro-ciclo-de-formacion-inicial-para-nuevos-agentes\/#article","isPartOf":{"@id":"https:\/\/sevilla-2000.com\/blog\/ya-tenemos-fecha-el-proximo-11-de-mayo-empieza-nuestro-ciclo-de-formacion-inicial-para-nuevos-agentes\/"},"author":{"name":"Marketing","@id":"https:\/\/sevilla-2000.com\/blog\/#\/schema\/person\/ef373602a2f7dd565227b0320caf3a7e"},"headline":"Ya tenemos fecha !!! El pr\u00f3ximo 11 de mayo empieza nuestro Ciclo de Formaci\u00f3n Inicial para nuevos Agentes.","datePublished":"2026-04-27T10:56:26+00:00","dateModified":"2026-04-27T10:56:30+00:00","mainEntityOfPage":{"@id":"https:\/\/sevilla-2000.com\/blog\/ya-tenemos-fecha-el-proximo-11-de-mayo-empieza-nuestro-ciclo-de-formacion-inicial-para-nuevos-agentes\/"},"wordCount":180,"publisher":{"@id":"https:\/\/sevilla-2000.com\/blog\/#organization"},"articleSection":["Empleo","Especialistas en venta de pisos y casas de herencia en Sevilla","Inmobiliarias en Sevilla","Sector Inmobiliario","Trabaja como agente inmobiliario","vender casa sevilla"],"inLanguage":"es"},{"@type":"WebPage","@id":"https:\/\/sevilla-2000.com\/blog\/ya-tenemos-fecha-el-proximo-11-de-mayo-empieza-nuestro-ciclo-de-formacion-inicial-para-nuevos-agentes\/","url":"https:\/\/sevilla-2000.com\/blog\/ya-tenemos-fecha-el-proximo-11-de-mayo-empieza-nuestro-ciclo-de-formacion-inicial-para-nuevos-agentes\/","name":"Ya tenemos fecha !!! El pr\u00f3ximo 11 de mayo empieza nuestro Ciclo de Formaci\u00f3n Inicial para nuevos Agentes. - Vender Piso en Sevilla 2000","isPartOf":{"@id":"https:\/\/sevilla-2000.com\/blog\/#website"},"datePublished":"2026-04-27T10:56:26+00:00","dateModified":"2026-04-27T10:56:30+00:00","description":"Si eres Agente Inmobiliario en Sevilla y quieres pasar a otro nivel, ll\u00e1manos para incorporarte a alguno de nuestros Equipos como Agente Aut\u00f3nomo Asociado y empieza con esta formaci\u00f3n presencial de primer orden el lunes 11 hasta el jueves 14 de 1000h a 1400h.","breadcrumb":{"@id":"https:\/\/sevilla-2000.com\/blog\/ya-tenemos-fecha-el-proximo-11-de-mayo-empieza-nuestro-ciclo-de-formacion-inicial-para-nuevos-agentes\/#breadcrumb"},"inLanguage":"es","potentialAction":[{"@type":"ReadAction","target":["https:\/\/sevilla-2000.com\/blog\/ya-tenemos-fecha-el-proximo-11-de-mayo-empieza-nuestro-ciclo-de-formacion-inicial-para-nuevos-agentes\/"]}]},{"@type":"BreadcrumbList","@id":"https:\/\/sevilla-2000.com\/blog\/ya-tenemos-fecha-el-proximo-11-de-mayo-empieza-nuestro-ciclo-de-formacion-inicial-para-nuevos-agentes\/#breadcrumb","itemListElement":[{"@type":"ListItem","position":1,"name":"Portada","item":"https:\/\/sevilla-2000.com\/blog\/"},{"@type":"ListItem","position":2,"name":"Ya tenemos fecha !!! El pr\u00f3ximo 11 de mayo empieza nuestro Ciclo de Formaci\u00f3n Inicial para nuevos Agentes."}]},{"@type":"WebSite","@id":"https:\/\/sevilla-2000.com\/blog\/#website","url":"https:\/\/sevilla-2000.com\/blog\/","name":"Vender Piso en Sevilla 2000","description":"Blog Inmobiliaria Sevilla 2000 - Consejos para Comprar y Vender Piso en Sevilla e Informaci\u00f3n \u00fatil del Sector Inmobiliario y de Sevilla 2000","publisher":{"@id":"https:\/\/sevilla-2000.com\/blog\/#organization"},"potentialAction":[{"@type":"SearchAction","target":{"@type":"EntryPoint","urlTemplate":"https:\/\/sevilla-2000.com\/blog\/?s={search_term_string}"},"query-input":"required name=search_term_string"}],"inLanguage":"es"},{"@type":"Organization","@id":"https:\/\/sevilla-2000.com\/blog\/#organization","name":"Vender Piso en Sevilla 2000","url":"https:\/\/sevilla-2000.com\/blog\/","logo":{"@type":"ImageObject","inLanguage":"es","@id":"https:\/\/sevilla-2000.com\/blog\/#\/schema\/logo\/image\/","url":"https:\/\/sevilla-2000.com\/blog\/wp-content\/uploads\/2021\/04\/cropped-LOGO-CUADRADO-CASA-fondo-amarillo.jpg","contentUrl":"https:\/\/sevilla-2000.com\/blog\/wp-content\/uploads\/2021\/04\/cropped-LOGO-CUADRADO-CASA-fondo-amarillo.jpg","width":512,"height":512,"caption":"Vender Piso en Sevilla 2000"},"image":{"@id":"https:\/\/sevilla-2000.com\/blog\/#\/schema\/logo\/image\/"},"sameAs":["https:\/\/www.instagram.com\/inmosevilla2000\/","https:\/\/www.facebook.com\/InmobiliariaSevilla2000\/"]},{"@type":"Person","@id":"https:\/\/sevilla-2000.com\/blog\/#\/schema\/person\/ef373602a2f7dd565227b0320caf3a7e","name":"Marketing","image":{"@type":"ImageObject","inLanguage":"es","@id":"https:\/\/sevilla-2000.com\/blog\/#\/schema\/person\/image\/","url":"https:\/\/secure.gravatar.com\/avatar\/b6de616dcb6bb6103248896ffdf49a8a?s=96&d=mm&r=g","contentUrl":"https:\/\/secure.gravatar.com\/avatar\/b6de616dcb6bb6103248896ffdf49a8a?s=96&d=mm&r=g","caption":"Marketing"}}]}},"_links":{"self":[{"href":"https:\/\/sevilla-2000.com\/blog\/wp-json\/wp\/v2\/posts\/921"}],"collection":[{"href":"https:\/\/sevilla-2000.com\/blog\/wp-json\/wp\/v2\/posts"}],"about":[{"href":"https:\/\/sevilla-2000.com\/blog\/wp-json\/wp\/v2\/types\/post"}],"author":[{"embeddable":true,"href":"https:\/\/sevilla-2000.com\/blog\/wp-json\/wp\/v2\/users\/6"}],"replies":[{"embeddable":true,"href":"https:\/\/sevilla-2000.com\/blog\/wp-json\/wp\/v2\/comments?post=921"}],"version-history":[{"count":1,"href":"https:\/\/sevilla-2000.com\/blog\/wp-json\/wp\/v2\/posts\/921\/revisions"}],"predecessor-version":[{"id":923,"href":"https:\/\/sevilla-2000.com\/blog\/wp-json\/wp\/v2\/posts\/921\/revisions\/923"}],"wp:featuredmedia":[{"embeddable":true,"href":"https:\/\/sevilla-2000.com\/blog\/wp-json\/wp\/v2\/media\/922"}],"wp:attachment":[{"href":"https:\/\/sevilla-2000.com\/blog\/wp-json\/wp\/v2\/media?parent=921"}],"wp:term":[{"taxonomy":"category","embeddable":true,"href":"https:\/\/sevilla-2000.com\/blog\/wp-json\/wp\/v2\/categories?post=921"},{"taxonomy":"post_tag","embeddable":true,"href":"https:\/\/sevilla-2000.com\/blog\/wp-json\/wp\/v2\/tags?post=921"}],"curies":[{"name":"wp","href":"https:\/\/api.w.org\/{rel}","templated":true}]}}